[{"@context":"https:\/\/schema.org\/","@type":"Article","@id":"https:\/\/www.airdump.cz\/zabyvame-se-take-mobilni-montazi\/#Article","mainEntityOfPage":"https:\/\/www.airdump.cz\/zabyvame-se-take-mobilni-montazi\/","headline":"Zab\u00fdv\u00e1me se tak\u00e9 mobiln\u00ed mont\u00e1\u017e\u00ed","name":"Zab\u00fdv\u00e1me se tak\u00e9 mobiln\u00ed mont\u00e1\u017e\u00ed","description":"Tak\u00e9 se v\u00e1m to stalo? P\u0159i\u0161li jste ke sv\u00e9mu autu, sp\u011bch\u00e1te do zam\u011bstn\u00e1n\u00ed \u010di na p\u0159\u00edjemn\u011b str\u00e1ven\u00fd v\u00fdlet? A jejda, nev\u011b\u0159\u00edte sv\u00fdm vlastn\u00edm o\u010d\u00edm. U va\u0161eho vozu je rozbit\u00e9 \u010deln\u00ed \u010di zadn\u00ed sklo. S d\u016fv\u011brou se obra\u0165te na autosklo Praha. Vym\u011bn\u00edme V\u00e1m skla, pr\u00e1ci provedeme v co nejkrat\u0161\u00ed mo\u017en\u00e9 dob\u011b. M\u00e1te poji\u0161t\u011bn\u00ed na sklo, i&#46;&#46;&#46;","datePublished":"2024-12-27","dateModified":"2024-12-27","author":{"@type":"Person","@id":"https:\/\/www.airdump.cz\/author\/#Person","name":"","url":"https:\/\/www.airdump.cz\/author\/","identifier":1,"image":{"@type":"ImageObject","@id":"https:\/\/secure.gravatar.com\/avatar\/d3163b56da0fbe010a5181dcf7396b9bd721056c768c8d190d293b864efe53fe?s=96&d=mm&r=g","url":"https:\/\/secure.gravatar.com\/avatar\/d3163b56da0fbe010a5181dcf7396b9bd721056c768c8d190d293b864efe53fe?s=96&d=mm&r=g","height":96,"width":96}},"publisher":{"@type":"Organization","name":"airdump.cz","logo":{"@type":"ImageObject","@id":"\/logo.png","url":"\/logo.png","width":600,"height":60}},"url":"https:\/\/www.airdump.cz\/zabyvame-se-take-mobilni-montazi\/","wordCount":197,"articleBody":"Tak\u00e9 se v\u00e1m to stalo? P\u0159i\u0161li jste ke sv\u00e9mu autu, sp\u011bch\u00e1te do zam\u011bstn\u00e1n\u00ed \u010di na p\u0159\u00edjemn\u011b str\u00e1ven\u00fd v\u00fdlet? A jejda, nev\u011b\u0159\u00edte sv\u00fdm vlastn\u00edm o\u010d\u00edm. U va\u0161eho vozu je rozbit\u00e9 \u010deln\u00ed \u010di zadn\u00ed sklo. S d\u016fv\u011brou se obra\u0165te na autosklo Praha. Vym\u011bn\u00edme V\u00e1m skla, pr\u00e1ci provedeme v co nejkrat\u0161\u00ed mo\u017en\u00e9 dob\u011b. M\u00e1te poji\u0161t\u011bn\u00ed na sklo, i toto vy\u0159e\u0161\u00edme sami s Va\u0161\u00ed poji\u0161\u0165ovnou. Nemus\u00edte nikam chodit a vysv\u011btlovat. Autosklo Praha pracuje denn\u011b a nonstop. V na\u0161\u00ed firm\u011b proto zam\u011bstn\u00e1v\u00e1me pouze spolehliv\u00fd a pracovit\u00fd pracovn\u00edky. N\u00e1\u0161 bohat\u00fd v\u00fdb\u011br V co mo\u017en\u00e1 nejkrat\u0161\u00ed dob\u011b od n\u00e1s odjedete s odborn\u011b opraven\u00fdm \u010deln\u00edm \u010di zadn\u00edm sklem. Pokud se nehoda stane na zadn\u00edm \u010di na postrann\u00fdch sklech, m\u016f\u017eete si vybrat s t\u00f3novac\u00edch skel nebo si m\u016f\u017eete vybrat p\u0159\u00edmo sklo na m\u00edru pro Va\u0161e auto. Autosklo Praha je tu pro V\u00e1s kdykoliv a jsme p\u0159ipraveni V\u00e1m vyhov\u011bt.                                                                                                                                                                                                                                                                                                                                                                                        3\/5 - (2 votes)        "},{"@context":"https:\/\/schema.org\/","@type":"BreadcrumbList","itemListElement":[{"@type":"ListItem","position":1,"name":"Zab\u00fdv\u00e1me se tak\u00e9 mobiln\u00ed mont\u00e1\u017e\u00ed","item":"https:\/\/www.airdump.cz\/zabyvame-se-take-mobilni-montazi\/#breadcrumbitem"}]}]