[{"@context":"https:\/\/schema.org\/","@type":"Article","@id":"https:\/\/www.airdump.cz\/spanelsko-jedinecna-zeme-pro-cestovani\/#Article","mainEntityOfPage":"https:\/\/www.airdump.cz\/spanelsko-jedinecna-zeme-pro-cestovani\/","headline":"\u0160pan\u011blsko, jedine\u010dn\u00e1 zem\u011b pro cestov\u00e1n\u00ed","name":"\u0160pan\u011blsko, jedine\u010dn\u00e1 zem\u011b pro cestov\u00e1n\u00ed","description":"Kdy\u017e se \u0159ekne Hisp\u00e1nie, historik\u016fm se vybav\u00ed Vizig\u00f3ti nebo Punov\u00e9. Pam\u00e1tek na d\u00e1vnou minulost zde ale zbylo i po kastilsk\u00fdch kr\u00e1l\u00edch nebo granadsk\u00fdch em\u00edrech v\u00edc ne\u017e dost, dovolen\u00e1 pr\u00e1v\u011b ve \u0160pan\u011blsku tedy m\u016f\u017ee b\u00fdt zaj\u00edmav\u00e1 i pro milovn\u00edky d\u00e1vnov\u011bku, stejn\u011b jako t\u011bch, kte\u0159\u00ed si obl\u00edbili sluncem zalit\u00e9 pl\u00e1\u017ee a resorty pln\u00e9 odpo\u010dinku. Kdo by odolal&#46;&#46;&#46;","datePublished":"2021-01-06","dateModified":"2021-01-06","author":{"@type":"Person","@id":"https:\/\/www.airdump.cz\/author\/#Person","name":"","url":"https:\/\/www.airdump.cz\/author\/","identifier":1,"image":{"@type":"ImageObject","@id":"https:\/\/secure.gravatar.com\/avatar\/d3163b56da0fbe010a5181dcf7396b9bd721056c768c8d190d293b864efe53fe?s=96&d=mm&r=g","url":"https:\/\/secure.gravatar.com\/avatar\/d3163b56da0fbe010a5181dcf7396b9bd721056c768c8d190d293b864efe53fe?s=96&d=mm&r=g","height":96,"width":96}},"publisher":{"@type":"Organization","name":"airdump.cz","logo":{"@type":"ImageObject","@id":"\/logo.png","url":"\/logo.png","width":600,"height":60}},"image":{"@type":"ImageObject","@id":"https:\/\/www.airdump.cz\/wp-content\/uploads\/Madrid-2-min_WfJdb5.jpg","url":"https:\/\/www.airdump.cz\/wp-content\/uploads\/Madrid-2-min_WfJdb5.jpg","height":0,"width":0},"url":"https:\/\/www.airdump.cz\/spanelsko-jedinecna-zeme-pro-cestovani\/","about":["Dovolen\u00e1"],"wordCount":435,"articleBody":"       Kdy\u017e se \u0159ekne Hisp\u00e1nie, historik\u016fm se vybav\u00ed Vizig\u00f3ti nebo Punov\u00e9. Pam\u00e1tek na d\u00e1vnou minulost zde ale zbylo i po kastilsk\u00fdch kr\u00e1l\u00edch nebo granadsk\u00fdch em\u00edrech v\u00edc ne\u017e dost, dovolen\u00e1 pr\u00e1v\u011b ve \u0160pan\u011blsku tedy m\u016f\u017ee b\u00fdt zaj\u00edmav\u00e1 i pro milovn\u00edky d\u00e1vnov\u011bku, stejn\u011b jako t\u011bch, kte\u0159\u00ed si obl\u00edbili sluncem zalit\u00e9 pl\u00e1\u017ee a resorty pln\u00e9 odpo\u010dinku. Kdo by odolal tolika mo\u017enostem? Kdy\u017e se k tomu nav\u00edc p\u0159id\u00e1 dobr\u00e9 j\u00eddlo, snad ani nen\u00ed co \u0159e\u0161it. P\u0159\u00ed\u0161t\u00ed dovolen\u00e1 bude zkr\u00e1tka n\u011bkde pod Pyrenejemi\u2026  Kr\u00e1sn\u011b je tady vlastn\u011b po cel\u00fd rok Zajet si na dovolenou do t\u011bchto kon\u010din sv\u011bta neznamen\u00e1 omezovat se jen na n\u011bkter\u00e9 m\u011bs\u00edce. Toti\u017e, kdy\u017e se \u0159ekne \u0160pan\u011blsko, okam\u017eit\u011b se v\u00e1m jist\u011b vybav\u00ed krajina pln\u00e1 slunce. Bez ohledu na to, jestli p\u016fjde o centr\u00e1ln\u00ed \u010d\u00e1st zem\u011b, Katal\u00e1nsko, Baskick\u00fd region nebo Andalusii, kde se olivov\u00fd olej st\u00e1\u010d\u00ed doslova po hektolitrech. Tak\u017ee, kde za\u010dneme s p\u0159edstavov\u00e1n\u00edm zaj\u00edmav\u00fdch m\u00edst? T\u0159eba v hlavn\u00edm m\u011bst\u011b? Madrid je symbolem u\u017e po generace, i kdy\u017e d\u016fle\u017eit\u011bj\u0161\u00edm m\u011bstem pod vl\u00e1dou kastilsk\u00e9 koruny b\u00fdvalo nap\u0159\u00edklad Toledo. Nejde p\u0159itom jen o samotn\u00e9 m\u011bsto s kr\u00e1lovsk\u00fdm pal\u00e1cem nebo katedr\u00e1lou Panny Marie Almudensk\u00e9, n\u00fdbr\u017e i perlu nad perly v podob\u011b El Escorialu, nesmrteln\u00e9ho pam\u00e1tn\u00edku sl\u00e1vy Filipa II., jen\u017e takto investoval mnoho z americk\u00e9ho zlata. Vznikla n\u00e1dhern\u00e1 stavba, j\u00ed\u017e obdivuje cel\u00fd sv\u011bt, ale spole\u010dn\u011b s v\u00fdpravou Armady tot\u00e9\u017e znamenalo obrovsk\u00fd probl\u00e9m pro st\u00e1tn\u00ed pokladnu. Budete si cht\u00edt p\u0159ed cestou vlakem do t\u011bchto m\u00edst trochu odpo\u010dinout? Nab\u00edz\u00ed se El Retiro Park, v n\u011bm\u017e stromo\u0159ad\u00ed roste u\u017e prakticky \u010dty\u0159i stalet\u00ed.   Chcete si p\u0159ipomenout st\u0159edov\u011bkou sl\u00e1vu? Ve \u0160pan\u011blsku je ale mnoho dal\u0161\u00edch kr\u00e1sn\u00fdch m\u00edst, dokladem je nap\u0159\u00edklad Avila. M\u011bstsk\u00e9 hradby je\u0161t\u011b pamatuj\u00ed st\u0159edov\u011bk a dochovaly se prakticky v cel\u00e9 sv\u00e9 kr\u00e1se, co\u017e je vlastn\u011b i na \u0160pan\u011blsko skute\u010dn\u00fd unik\u00e1t. Dev\u00edtka bran s t\u0159\u00edmetrovou \u0161\u00ed\u0159kou, vinouc\u00ed se po d\u00e9lce dvou a p\u016fl kilometru. Co z toho plyne? Jist\u011b, historick\u00e9 j\u00e1dro bylo chr\u00e1n\u011bno opravdu \u0161pi\u010dkov\u011b. V Avile je nav\u00edc kr\u00e1sn\u00e1 gotick\u00e1 katedr\u00e1la, nezapome\u0148te na ni!                                                                                                                                                                                                                                                                                                                                                                                          3.6\/5 - (5 votes)        "},{"@context":"https:\/\/schema.org\/","@type":"BreadcrumbList","itemListElement":[{"@type":"ListItem","position":1,"name":"\u0160pan\u011blsko, jedine\u010dn\u00e1 zem\u011b pro cestov\u00e1n\u00ed","item":"https:\/\/www.airdump.cz\/spanelsko-jedinecna-zeme-pro-cestovani\/#breadcrumbitem"}]}]