[{"@context":"https:\/\/schema.org\/","@type":"Article","@id":"https:\/\/www.airdump.cz\/proc-proste-ucetni-presuny-nezakladaji-na-fungujici-ekonomiku\/#Article","mainEntityOfPage":"https:\/\/www.airdump.cz\/proc-proste-ucetni-presuny-nezakladaji-na-fungujici-ekonomiku\/","headline":"Pro\u010d prost\u00e9 \u00fa\u010detn\u00ed p\u0159esuny nezakl\u00e1daj\u00ed na funguj\u00edc\u00ed ekonomiku","name":"Pro\u010d prost\u00e9 \u00fa\u010detn\u00ed p\u0159esuny nezakl\u00e1daj\u00ed na funguj\u00edc\u00ed ekonomiku","description":"Kritiky leto\u0161n\u00ed vl\u00e1du Andreje Babi\u0161e je a\u017e p\u0159\u00edli\u0161, n\u011bkdo by \u0159ekl, \u017ee je to a\u017e p\u0159\u00edmo ona kampa\u0148, kter\u00e1 se tolik val\u00ed z\u00a0\u00fast \u010deln\u00edch p\u0159edstavitel\u016f hnut\u00ed ANO. Nikdo si v\u0161ak neuv\u011bdomuje, \u017ee ta kritika je v\u00edce ne\u017e opr\u00e1vn\u011bn\u00e1, a dokud tady kritika bude, tak je to znakem toho, \u017ee to je\u0161t\u011b nen\u00ed tak ztraceno. M\u016f\u017eeme&#46;&#46;&#46;","datePublished":"2025-02-27","dateModified":"2023-05-02","author":{"@type":"Person","@id":"https:\/\/www.airdump.cz\/author\/#Person","name":"","url":"https:\/\/www.airdump.cz\/author\/","identifier":1,"image":{"@type":"ImageObject","@id":"https:\/\/secure.gravatar.com\/avatar\/d3163b56da0fbe010a5181dcf7396b9bd721056c768c8d190d293b864efe53fe?s=96&d=mm&r=g","url":"https:\/\/secure.gravatar.com\/avatar\/d3163b56da0fbe010a5181dcf7396b9bd721056c768c8d190d293b864efe53fe?s=96&d=mm&r=g","height":96,"width":96}},"publisher":{"@type":"Organization","name":"airdump.cz","logo":{"@type":"ImageObject","@id":"\/logo.png","url":"\/logo.png","width":600,"height":60}},"image":{"@type":"ImageObject","@id":"https:\/\/www.airdump.cz\/wp-content\/uploads\/img_a320493_w2227_t1531767247.jpg","url":"https:\/\/www.airdump.cz\/wp-content\/uploads\/img_a320493_w2227_t1531767247.jpg","height":0,"width":0},"url":"https:\/\/www.airdump.cz\/proc-proste-ucetni-presuny-nezakladaji-na-fungujici-ekonomiku\/","wordCount":421,"articleBody":"Kritiky leto\u0161n\u00ed vl\u00e1du Andreje Babi\u0161e je a\u017e p\u0159\u00edli\u0161, n\u011bkdo by \u0159ekl, \u017ee je to a\u017e p\u0159\u00edmo ona kampa\u0148, kter\u00e1 se tolik val\u00ed z\u00a0\u00fast \u010deln\u00edch p\u0159edstavitel\u016f hnut\u00ed ANO. Nikdo si v\u0161ak neuv\u011bdomuje, \u017ee ta kritika je v\u00edce ne\u017e opr\u00e1vn\u011bn\u00e1, a dokud tady kritika bude, tak je to znakem toho, \u017ee to je\u0161t\u011b nen\u00ed tak ztraceno. M\u016f\u017eeme si \u0159\u00edkat, m\u016f\u017eeme si namlouvat, ale to, co leto\u0161n\u00ed vl\u00e1da v\u00a0roce 2018 a 2017 zat\u00edm ud\u011blala, tak byla jenom magie s\u00a0\u00fa\u010detn\u00edmi operacemi tak, aby si voli\u010dsk\u00e1 z\u00e1kladna oddychla, jak bude v\u0161echno zachr\u00e1n\u011bno mocn\u00fdm panem Babi\u0161em, by\u0165 p\u0159ijde smutn\u00e1 doba, kdy ty pen\u00edze dojdou a v\u0161ichni budou v\u0161echno svalovat na v\u0161echny.Nejhor\u0161\u00ed je to, \u017ee nyn\u00ed to lid\u00e9 nevid\u00ed \u2013 ani necht\u011bj\u00ed vid\u011bt, proto\u017ee Babi\u0161 p\u0159id\u00e1v\u00e1 a lidem se to l\u00edb\u00ed, mezi u\u010diteli m\u00e1 Babi\u0161 skoro 40 % podporu, a to jenom ud\u011blal to, \u017ee na jednom m\u00edst\u011b vzal a na druh\u00e9m p\u0159idal. Jen\u017ee takov\u00e9to operace nelze d\u011blat donekone\u010dna. Lid\u00e9, co to vid\u00ed, tak samoz\u0159ejm\u011b k\u0159i\u010d\u00ed, proto\u017ee nejen \u017ee se ub\u00edr\u00e1 t\u00e9 jedn\u00e9 skupin\u011b kritiky, ale tak\u00e9 jsou tu st\u00e1le ti lid\u00e9, kte\u0159\u00ed na tomto st\u00e1t\u011b necht\u011bj\u00ed jenom vyd\u011blat, ale maj\u00ed skute\u010dn\u011b opravdov\u00fd z\u00e1jem na tom, aby tahle zem\u011b minim\u00e1ln\u011b sp\u011bla od v\u00fdchodu d\u00e1l.\t\u010cesk\u00fd ob\u010dan je ale nepou\u010diteln\u00fdV\u0161ichni si ho\u0159ekujeme, jak je pan Babi\u0161 pod tlakem a jak nem\u016f\u017ee d\u011blat pr\u00e1ci, kdy\u017e ho v\u0161ichni ru\u0161\u00ed \u2013 to je pouze v\u00fdmluva, kter\u00e1 m\u00e1 nasytit davy, a tak trochu zakr\u00fdt nar\u016fstaj\u00edc\u00ed probl\u00e9my v\u00a0na\u0161\u00ed ekonomice, kter\u00e9 se sna\u017e\u00ed p\u0159ehlu\u0161it hlasit\u00fdm p\u0159id\u00e1v\u00e1n\u00edm a velk\u00fdmi ovacemi. To, \u017ee neust\u00e1le rostou ceny n\u00e1jm\u016f po cel\u00e9 republice a \u017ee se brzo dostanou do polohy bubliny k\u00a0prasknut\u00ed, to se nehod\u00ed do kr\u00e1mu hnut\u00ed ANO, a tak se o tom tato r\u00e1doby vl\u00e1da bez d\u016fv\u011bry ani nezmi\u0148uje. \u010cesk\u00fd ob\u010dan, kter\u00fd je ve sv\u00fdch pades\u00e1ti, si toti\u017e za minul\u00e9ho re\u017eimu zvykl na jistoty a r\u00e1d by je vr\u00e1til zp\u011bt, by\u0165 to znamen\u00e1, \u017ee v\u00a0tomto st\u00e1t\u011b zase op\u011bt bude jenom jeden zam\u011bstnavatel.\u00a0                                                                                                                                                                                                                                                                                                                                                                                        3.9\/5 - (8 votes)        "},{"@context":"https:\/\/schema.org\/","@type":"BreadcrumbList","itemListElement":[{"@type":"ListItem","position":1,"name":"Pro\u010d prost\u00e9 \u00fa\u010detn\u00ed p\u0159esuny nezakl\u00e1daj\u00ed na funguj\u00edc\u00ed ekonomiku","item":"https:\/\/www.airdump.cz\/proc-proste-ucetni-presuny-nezakladaji-na-fungujici-ekonomiku\/#breadcrumbitem"}]}]